{"id":200,"date":"2023-11-17T14:33:01","date_gmt":"2023-11-17T17:33:01","guid":{"rendered":"https:\/\/integracaopsicodelica.com.br\/?p=200"},"modified":"2023-11-21T13:54:23","modified_gmt":"2023-11-21T16:54:23","slug":"a-experiencia-terapeutica-com-psicodelicos","status":"publish","type":"post","link":"https:\/\/integracaopsicodelica.com.br\/index.php\/2023\/11\/17\/a-experiencia-terapeutica-com-psicodelicos\/","title":{"rendered":"A experi\u00eancia terap\u00eautica com psicod\u00e9licos"},"content":{"rendered":"\n<p>Desde a explos\u00e3o de popularidade do LSD (dietilamida do \u00e1cido lis\u00e9rgico) na d\u00e9cada de 1960, as subst\u00e2ncias psicod\u00e9licas s\u00e3o alvo de interesse das pesquisas em psiquiatria e psicologia, fato que apenas nos \u00faltimos anos tem atingido a aten\u00e7\u00e3o do grande p\u00fablico. Este interesse se deve ao alto grau de efic\u00e1cia que alguns psicod\u00e9licos t\u00eam demonstrado no tratamento de uma diversidade de condi\u00e7\u00f5es, incluindo o transtorno depressivo maior, o transtorno do estresse p\u00f3s-traum\u00e1tico, a drogadi\u00e7\u00e3o, o alcoolismo, o transtorno obsessivo-compulsivo, e o sofrimento ps\u00edquico em pacientes com doen\u00e7as em est\u00e1gio terminal. Nestes contextos, os psicod\u00e9licos t\u00eam sido utilizados como ferramentas com maior potencial terap\u00eautico para indiv\u00edduos aos quais a psicoterapia atrav\u00e9s exclusivamente da fala, e os tratamentos farmacol\u00f3gicos convencionais, n\u00e3o produzem o efeito terap\u00eautico desejado e necess\u00e1rio.<\/p>\n\n\n\n<p> Tem-se debatido que um resultado terap\u00eautico positivo com o uso destas subst\u00e2ncias deve envolver um processo de elabora\u00e7\u00e3o e integra\u00e7\u00e3o da experi\u00eancia, e que uma psicoterapia voltada para este fim deve ser um dos componentes deste processo. A partir de uma contextualiza\u00e7\u00e3o hist\u00f3rica acerca do uso de psicod\u00e9licos, o presente trabalho busca ampliar a concep\u00e7\u00e3o de que o resultado terap\u00eautico com psicod\u00e9licos \u00e9 insepar\u00e1vel do contexto em que ocorre, e do manejo dispensado em seguida. Partindo desta compreens\u00e3o, e do relato de participantes de rituais de Ayahuasca, o trabalho busca explorar como a psicologia anal\u00edtica de Carl G. Jung pode ser utilizada para compreender o processo de integra\u00e7\u00e3o de uma experi\u00eancia com psicod\u00e9licos na psicologia cl\u00ednica<\/p>\n\n\n\n<p><\/p>\n\n\n\n<p>Veja o artigo completo neste link: <a href=\"https:\/\/tede.pucsp.br\/handle\/handle\/36325\">https:\/\/tede.pucsp.br\/handle\/handle\/36325<\/a><\/p>\n","protected":false},"excerpt":{"rendered":"<p>Desde a explos\u00e3o de popularidade do LSD (dietilamida do \u00e1cido lis\u00e9rgico) na d\u00e9cada de 1960, as subst\u00e2ncias psicod\u00e9licas s\u00e3o alvo de interesse das pesquisas em psiquiatria e psicologia, fato que apenas nos \u00faltimos anos tem atingido a aten\u00e7\u00e3o do grande p\u00fablico. Este interesse se deve ao alto grau de efic\u00e1cia que alguns psicod\u00e9licos t\u00eam demonstrado [&hellip;]<\/p>\n","protected":false},"author":1,"featured_media":326,"comment_status":"open","ping_status":"open","sticky":false,"template":"","format":"standard","meta":{"footnotes":"","_joinchat":[]},"categories":[5],"tags":[],"_links":{"self":[{"href":"https:\/\/integracaopsicodelica.com.br\/index.php\/wp-json\/wp\/v2\/posts\/200"}],"collection":[{"href":"https:\/\/integracaopsicodelica.com.br\/index.php\/wp-json\/wp\/v2\/posts"}],"about":[{"href":"https:\/\/integracaopsicodelica.com.br\/index.php\/wp-json\/wp\/v2\/types\/post"}],"author":[{"embeddable":true,"href":"https:\/\/integracaopsicodelica.com.br\/index.php\/wp-json\/wp\/v2\/users\/1"}],"replies":[{"embeddable":true,"href":"https:\/\/integracaopsicodelica.com.br\/index.php\/wp-json\/wp\/v2\/comments?post=200"}],"version-history":[{"count":6,"href":"https:\/\/integracaopsicodelica.com.br\/index.php\/wp-json\/wp\/v2\/posts\/200\/revisions"}],"predecessor-version":[{"id":333,"href":"https:\/\/integracaopsicodelica.com.br\/index.php\/wp-json\/wp\/v2\/posts\/200\/revisions\/333"}],"wp:featuredmedia":[{"embeddable":true,"href":"https:\/\/integracaopsicodelica.com.br\/index.php\/wp-json\/wp\/v2\/media\/326"}],"wp:attachment":[{"href":"https:\/\/integracaopsicodelica.com.br\/index.php\/wp-json\/wp\/v2\/media?parent=200"}],"wp:term":[{"taxonomy":"category","embeddable":true,"href":"https:\/\/integracaopsicodelica.com.br\/index.php\/wp-json\/wp\/v2\/categories?post=200"},{"taxonomy":"post_tag","embeddable":true,"href":"https:\/\/integracaopsicodelica.com.br\/index.php\/wp-json\/wp\/v2\/tags?post=200"}],"curies":[{"name":"wp","href":"https:\/\/api.w.org\/{rel}","templated":true}]}}