{"id":773,"date":"2024-01-22T09:30:00","date_gmt":"2024-01-22T12:30:00","guid":{"rendered":"https:\/\/integracaopsicodelica.com.br\/?p=773"},"modified":"2024-01-21T19:42:36","modified_gmt":"2024-01-21T22:42:36","slug":"efeito-antidepressivo-de-psicodelicos-em-modelo-de-desespero-cronico-com-ratos","status":"publish","type":"post","link":"https:\/\/integracaopsicodelica.com.br\/index.php\/2024\/01\/22\/efeito-antidepressivo-de-psicodelicos-em-modelo-de-desespero-cronico-com-ratos\/","title":{"rendered":"Efeito antidepressivo de Psicod\u00e9licos em Modelo de desespero cr\u00f4nico com ratos"},"content":{"rendered":"\n<p>Uma das maiores causas de incapacita\u00e7\u00e3o no mundo, \u00e9 o Transtorno Depressivo Maior, podendo afetar at\u00e9 20% das pessoas durante o curso de vida em pa\u00edses desenvolvidos. Al\u00e9m de comprometer a qualidade de vida de pacientes e o risco de suic\u00eddio, o transtorno tamb\u00e9m gera grandes pesos econ\u00f4micos. A preval\u00eancia de depress\u00e3o tem aumentado cada vez mais desde a pandemia de COVID-19, a qual \u00e9 respons\u00e1vel por gerar um grande aumento no sofrimento e nos transtornos mentais, em geral.&nbsp;<\/p>\n\n\n\n<p>Os medicamentos mais utilizados como antidepressivos s\u00e3o inibidores seletivos de recapta\u00e7\u00e3o de serotonina, eles mostram uma melhora ineg\u00e1vel em sintomas depressivos, entretanto seus efeitos demoram diversas semanas para serem percebidos e menos de 50% dos pacientes demonstram remiss\u00e3o completa dos sintomas, mesmo com psicoterapia. Em adi\u00e7\u00e3o, 30% dos pacientes demonstram serem resistentes a qualquer tratamento. Com isso, surge uma necessidade urgente do desenvolvimento de antidepressivos com a\u00e7\u00e3o mais r\u00e1pida e mais eficientes para pacientes com o Transtorno Depressivo Maior.&nbsp;<\/p>\n\n\n\n<p>O artigo descreve um estudo feito com ratos, sendo um grupo de ratos saud\u00e1veis e outro de ratos com defici\u00eancia de 5-HT2AR, esse seria um receptor para os compostos da experi\u00eancia psicod\u00e9lica. Com isso, o estudo tem como objetivo, observar o papel da experi\u00eancia psicod\u00e9lica sobre o efeito antidepressivo dessas subst\u00e2ncias. Dentro dessa divis\u00e3o, os ratos saud\u00e1veis foram divididos entre aqueles que passaram pelo condicionamento de sintomas depressivos, os quais chamaremos de condicionados saud\u00e1veis, e aqueles que n\u00e3o passaram pelo condicionamento, os quais chamaremos de n\u00e3o condicionados saud\u00e1veis.&nbsp;<\/p>\n\n\n\n<p>As subst\u00e2ncias utilizadas foram DOI, um psicod\u00e9lico sint\u00e9tico, Lisurida, um derivado de ergot, um tipo de cogumelo, n\u00e3o alucin\u00f3geno, da classe dos antiparkinsonianos, e por fim, a psilocibina, psicod\u00e9lico que tem sido amplamente estudado sobre seus efeitos antidepressivos.&nbsp;<\/p>\n\n\n\n<p>Durante o estudo, diversos testes comportamentais foram criados para verificar sintomas depressivos, como apetite, energia e n\u00edvel de desespero. O estudo tamb\u00e9m foi dividido entre aplica\u00e7\u00e3o de dose \u00fanica das subst\u00e2ncias e microdosagem, para verificar a diferen\u00e7a de efeitos antidepressivos e efeitos colaterais, como efeitos alucin\u00f3genos.&nbsp;<\/p>\n\n\n\n<p>Como resultado da aplica\u00e7\u00e3o em dose \u00fanica, foi poss\u00edvel observar que em ratos condicionados saud\u00e1veis, as tr\u00eas subst\u00e2ncias tiveram efeitos consider\u00e1veis sobre os sintomas depressivos, demonstrando uma significativa diminui\u00e7\u00e3o nos mesmos, apresentando como efeitos colaterais, efeitos alucin\u00f3genos e mudan\u00e7as percept\u00edveis na apetite . Entretanto, em ratos condicionados com defici\u00eancia de 5-HT2AR, foi poss\u00edvel perceber que tanto DOI quanto Lisurida n\u00e3o foram efetivos na diminui\u00e7\u00e3o dos sintomas depressivos, em contrapartida, o efeito da psilocibina n\u00e3o foi modificado, tendo como \u00fanica altera\u00e7\u00e3o, a aus\u00eancia de efeitos alucin\u00f3genos e a aus\u00eancia de mudan\u00e7as percept\u00edveis no apetite.&nbsp;<\/p>\n\n\n\n<p>A administra\u00e7\u00e3o de DOI e psilocibina em micro dosagens se deu durante o per\u00edodo de 6 dias para simular a dosagem em uma semana. Como resultado foi poss\u00edvel perceber que os sintomas alucin\u00f3genos foram significantemente reduzidos e os efeitos antidepressivos se mantiveram eficazes.&nbsp;<\/p>\n\n\n\n<p>Como conclus\u00e3o, o artigo apresenta que os efeitos alucin\u00f3genos dos psicod\u00e9licos n\u00e3o demonstraram grande relev\u00e2ncia sobre seus efeitos antidepressivos, mas ainda s\u00e3o necess\u00e1rios outros estudos para aprofundar na quest\u00e3o e continuar testando possibilidades. Da mesma forma, durante o estudo, foi poss\u00edvel perceber um melhor progn\u00f3stico em rela\u00e7\u00e3o \u00e0s micro dosagens sobre as doses \u00fanicas, com mesmos resultados antidepressivos e menor presen\u00e7a de efeitos colaterais nas mesmas.&nbsp;<\/p>\n\n\n\n<p>ADENDO: \u00c9 importante considerarmos que o estudo foi feito em ratos, fazendo com que os resultados demonstrem estritamente a quest\u00e3o farmacol\u00f3gica, entretanto n\u00e3o considerando as quest\u00f5es subjetivas que est\u00e3o intrinsecamente ligadas \u00e0 natureza humana e dos transtornos mentais, como a depress\u00e3o.<\/p>\n","protected":false},"excerpt":{"rendered":"<p>Uma das maiores causas de incapacita\u00e7\u00e3o no mundo, \u00e9 o Transtorno Depressivo Maior, podendo afetar at\u00e9 20% das pessoas durante o curso de vida em pa\u00edses desenvolvidos. Al\u00e9m de comprometer a qualidade de vida de pacientes e o risco de suic\u00eddio, o transtorno tamb\u00e9m gera grandes pesos econ\u00f4micos. A preval\u00eancia de depress\u00e3o tem aumentado cada [&hellip;]<\/p>\n","protected":false},"author":2,"featured_media":774,"comment_status":"open","ping_status":"open","sticky":false,"template":"","format":"standard","meta":{"footnotes":"","_joinchat":[]},"categories":[5],"tags":[10,9,8],"_links":{"self":[{"href":"https:\/\/integracaopsicodelica.com.br\/index.php\/wp-json\/wp\/v2\/posts\/773"}],"collection":[{"href":"https:\/\/integracaopsicodelica.com.br\/index.php\/wp-json\/wp\/v2\/posts"}],"about":[{"href":"https:\/\/integracaopsicodelica.com.br\/index.php\/wp-json\/wp\/v2\/types\/post"}],"author":[{"embeddable":true,"href":"https:\/\/integracaopsicodelica.com.br\/index.php\/wp-json\/wp\/v2\/users\/2"}],"replies":[{"embeddable":true,"href":"https:\/\/integracaopsicodelica.com.br\/index.php\/wp-json\/wp\/v2\/comments?post=773"}],"version-history":[{"count":1,"href":"https:\/\/integracaopsicodelica.com.br\/index.php\/wp-json\/wp\/v2\/posts\/773\/revisions"}],"predecessor-version":[{"id":775,"href":"https:\/\/integracaopsicodelica.com.br\/index.php\/wp-json\/wp\/v2\/posts\/773\/revisions\/775"}],"wp:featuredmedia":[{"embeddable":true,"href":"https:\/\/integracaopsicodelica.com.br\/index.php\/wp-json\/wp\/v2\/media\/774"}],"wp:attachment":[{"href":"https:\/\/integracaopsicodelica.com.br\/index.php\/wp-json\/wp\/v2\/media?parent=773"}],"wp:term":[{"taxonomy":"category","embeddable":true,"href":"https:\/\/integracaopsicodelica.com.br\/index.php\/wp-json\/wp\/v2\/categories?post=773"},{"taxonomy":"post_tag","embeddable":true,"href":"https:\/\/integracaopsicodelica.com.br\/index.php\/wp-json\/wp\/v2\/tags?post=773"}],"curies":[{"name":"wp","href":"https:\/\/api.w.org\/{rel}","templated":true}]}}