{"id":789,"date":"2024-02-26T09:30:00","date_gmt":"2024-02-26T12:30:00","guid":{"rendered":"https:\/\/integracaopsicodelica.com.br\/?p=789"},"modified":"2024-02-25T17:51:52","modified_gmt":"2024-02-25T20:51:52","slug":"alteracoes-induzidas-por-psilocibina-na-reatividade-neural-ao-alcool-e-sinais-emocionais-em-pacientes-com-transtorno-por-abuso-de-alcool-um-estudo-piloto-de-fmri","status":"publish","type":"post","link":"https:\/\/integracaopsicodelica.com.br\/index.php\/2024\/02\/26\/alteracoes-induzidas-por-psilocibina-na-reatividade-neural-ao-alcool-e-sinais-emocionais-em-pacientes-com-transtorno-por-abuso-de-alcool-um-estudo-piloto-de-fmri\/","title":{"rendered":"Altera\u00e7\u00f5es induzidas por psilocibina na reatividade neural ao \u00e1lcool e sinais emocionais em pacientes com transtorno por abuso de \u00e1lcool: um estudo piloto de fMRI"},"content":{"rendered":"\n<p>O transtorno de abuso de \u00e1lcool \u00e9 uma condi\u00e7\u00e3o de reca\u00eddas cr\u00f4nicas, caracterizado pelo preju\u00edzo nas habilidades de regular ou abster o uso do \u00e1lcool apesar de consequ\u00eancias negativas nos \u00e2mbitos pessoais, ocupacionais e sociais. Foi proposto um modelo de 3 dom\u00ednios que diz respeito \u00e0s estruturas neuropsicol\u00f3gicas do transtorno. O primeiro dom\u00ednio \u00e9 o de emo\u00e7\u00f5es negativas, envolvendo sentimentos de disforia, hipo-hedonia, hipersensibilidade ao estresse e sintomas de abstin\u00eancia. O segundo \u00e9 o de mudan\u00e7as no \u00e2mbito de relev\u00e2ncia do incentivo, o qual abrange a forma\u00e7\u00e3o de h\u00e1bitos, vi\u00e9s atencional. O terceiro e \u00faltimo dom\u00ednio diz respeito \u00e0s mudan\u00e7as no funcionamento executivo, incluindo comportamentos focados em objetivos, inibi\u00e7\u00e3o de respostas e flexibilidade cognitiva.&nbsp;<\/p>\n\n\n\n<p>Um ponto importante e relevante para os estudos sobre o Transtorno de abuso de \u00e1lcool s\u00e3o situa\u00e7\u00f5es internas, como estresse, ou externas, como disponibilidade de \u00e1lcool, que s\u00e3o preditores significantes de reca\u00eddas.&nbsp;<\/p>\n\n\n\n<p>Mesmo com alguns medicamentos sendo utilizados para o Transtorno de Abuso de \u00e1lcool, poucas pessoas com o transtorno est\u00e3o recebendo tratamento atualmente, podendo ser atribu\u00eddo parcialmente a inefetividade e efeitos colaterais de medica\u00e7\u00f5es atualmente dispon\u00edveis.&nbsp;<\/p>\n\n\n\n<p>Alguns estudos recentes sugerem que a psilocibina, psicoativo de cogumelos m\u00e1gicos, em conjunto com psicoterapia, pode acelerar uma redu\u00e7\u00e3o prolongada em comportamentos de abuso de \u00e1lcool ap\u00f3s uma ou duas administra\u00e7\u00f5es da subst\u00e2ncia e diferentemente das op\u00e7\u00f5es de medica\u00e7\u00f5es atualmente no mercado, o tratamento com psilocibina tem uma resposta r\u00e1pida, com ganhos do tratamento se mantendo e persistindo por 6 meses at\u00e9 4 anos e meio.&nbsp;<\/p>\n\n\n\n<p>Acredita-se que os efeitos psicol\u00f3gicos de psicod\u00e9licos interferem nos dom\u00ednios centrais do transtorno de uso de \u00e1lcool. Um grande n\u00famero de estudos sugere que a subst\u00e2ncia potencializa um humor positivo e diminui a intensidade de humores negativos e do neuroticismo, afetando diretamente o dom\u00ednio de emo\u00e7\u00f5es negativas. Considerando o dom\u00ednio de mudan\u00e7as no \u00e2mbito de relev\u00e2ncia do incentivo, foi observado que os psicod\u00e9licos aumentam os tra\u00e7os de personalidade de abertura e conscienciosidade e em um estudo com o transtorno, foi percebido uma diminui\u00e7\u00e3o no desejo por \u00e1lcool entre os pacientes. Por fim, em rela\u00e7\u00e3o ao dom\u00ednio de fun\u00e7\u00f5es executivas, os psicod\u00e9licos t\u00eam demonstrado um aumento na flexibilidade cognitiva, controle e capacidades de mindfulness.&nbsp;<\/p>\n\n\n\n<p>O artigo traz como conclus\u00e3o que os resultados dos estudos sugerem grandes efeitos e revelam um interessante potencial terap\u00eautico de mudan\u00e7as neurais no tratamento do Transtorno por abuso de \u00e1lcool com psilocibina.<\/p>\n","protected":false},"excerpt":{"rendered":"<p>O transtorno de abuso de \u00e1lcool \u00e9 uma condi\u00e7\u00e3o de reca\u00eddas cr\u00f4nicas, caracterizado pelo preju\u00edzo nas habilidades de regular ou abster o uso do \u00e1lcool apesar de consequ\u00eancias negativas nos \u00e2mbitos pessoais, ocupacionais e sociais. Foi proposto um modelo de 3 dom\u00ednios que diz respeito \u00e0s estruturas neuropsicol\u00f3gicas do transtorno. O primeiro dom\u00ednio \u00e9 o [&hellip;]<\/p>\n","protected":false},"author":2,"featured_media":790,"comment_status":"open","ping_status":"open","sticky":false,"template":"","format":"standard","meta":{"footnotes":"","_joinchat":[]},"categories":[5],"tags":[17,18],"_links":{"self":[{"href":"https:\/\/integracaopsicodelica.com.br\/index.php\/wp-json\/wp\/v2\/posts\/789"}],"collection":[{"href":"https:\/\/integracaopsicodelica.com.br\/index.php\/wp-json\/wp\/v2\/posts"}],"about":[{"href":"https:\/\/integracaopsicodelica.com.br\/index.php\/wp-json\/wp\/v2\/types\/post"}],"author":[{"embeddable":true,"href":"https:\/\/integracaopsicodelica.com.br\/index.php\/wp-json\/wp\/v2\/users\/2"}],"replies":[{"embeddable":true,"href":"https:\/\/integracaopsicodelica.com.br\/index.php\/wp-json\/wp\/v2\/comments?post=789"}],"version-history":[{"count":1,"href":"https:\/\/integracaopsicodelica.com.br\/index.php\/wp-json\/wp\/v2\/posts\/789\/revisions"}],"predecessor-version":[{"id":791,"href":"https:\/\/integracaopsicodelica.com.br\/index.php\/wp-json\/wp\/v2\/posts\/789\/revisions\/791"}],"wp:featuredmedia":[{"embeddable":true,"href":"https:\/\/integracaopsicodelica.com.br\/index.php\/wp-json\/wp\/v2\/media\/790"}],"wp:attachment":[{"href":"https:\/\/integracaopsicodelica.com.br\/index.php\/wp-json\/wp\/v2\/media?parent=789"}],"wp:term":[{"taxonomy":"category","embeddable":true,"href":"https:\/\/integracaopsicodelica.com.br\/index.php\/wp-json\/wp\/v2\/categories?post=789"},{"taxonomy":"post_tag","embeddable":true,"href":"https:\/\/integracaopsicodelica.com.br\/index.php\/wp-json\/wp\/v2\/tags?post=789"}],"curies":[{"name":"wp","href":"https:\/\/api.w.org\/{rel}","templated":true}]}}